{"id":929,"date":"2023-06-19T11:37:40","date_gmt":"2023-06-19T11:37:40","guid":{"rendered":"https:\/\/www.uce-cyl.org\/web\/?p=929"},"modified":"2023-06-19T11:37:40","modified_gmt":"2023-06-19T11:37:40","slug":"exposicion-35-anos-defendiendo-tus-derechos-en-palencia","status":"publish","type":"post","link":"https:\/\/www.uce-cyl.org\/web\/2023\/06\/19\/exposicion-35-anos-defendiendo-tus-derechos-en-palencia\/","title":{"rendered":"EXPOSICI\u00d3N 35 A\u00d1OS DEFENDIENDO TUS DERECHOS EN PALENCIA"},"content":{"rendered":"<div class=\"wp-block-image\">\n<figure class=\"alignright size-large is-resized\"><img loading=\"lazy\" decoding=\"async\" src=\"https:\/\/www.uce-cyl.org\/web\/wp-content\/uploads\/2023\/06\/portada-512x1024.jpg\" alt=\"\" class=\"wp-image-930\" width=\"308\" height=\"613\"\/><\/figure>\n<\/div>\n\n\n<p>Hoy inauguramos la Exposici\u00f3n \u00a0<strong>\u00ab35 A\u00f1os Defendiendo tus Derechos<\/strong>>> en <strong>PALENCIA<\/strong>.<\/p>\n\n\n\n<p>Hasta el pr\u00f3ximo d\u00eda 30 de junio estar\u00e1 para su visita en <strong>LECR\u00c1C<\/strong> &#8211; Centro Cultural Antigua C\u00e1rcel; situado en Av. Valladolid, 26\u00a0 de Palencia  <\/p>\n\n\n\n<p>Con el siguiente <strong>horario<\/strong>: \u00a0<\/p>\n\n\n\n<p>Lunes a Viernes de 08.00 a 22.00 h; S\u00e1bados: de 09.00 a 14.00 y de 17.00 a 22.00 h. Domingos de 10.00 a 14.00 h.<\/p>\n\n\n\n<p><\/p>\n\n\n\n<p>                          <em><strong>Te esperamos!<\/strong><\/em><\/p>\n","protected":false},"excerpt":{"rendered":"<p>Hoy inauguramos la Exposici\u00f3n \u00a0\u00ab35 A\u00f1os Defendiendo tus Derechos>> en PALENCIA. Hasta el pr\u00f3ximo d\u00eda 30 de junio estar\u00e1 para su visita en LECR\u00c1C &#8211;&hellip;<\/p>\n","protected":false},"author":1,"featured_media":930,"comment_status":"closed","ping_status":"closed","sticky":false,"template":"","format":"standard","meta":{"footnotes":""},"categories":[18],"tags":[35,108],"class_list":["post-929","post","type-post","status-publish","format-standard","has-post-thumbnail","hentry","category-noticias","tag-exposicion","tag-palencia"],"_links":{"self":[{"href":"https:\/\/www.uce-cyl.org\/web\/wp-json\/wp\/v2\/posts\/929","targetHints":{"allow":["GET"]}}],"collection":[{"href":"https:\/\/www.uce-cyl.org\/web\/wp-json\/wp\/v2\/posts"}],"about":[{"href":"https:\/\/www.uce-cyl.org\/web\/wp-json\/wp\/v2\/types\/post"}],"author":[{"embeddable":true,"href":"https:\/\/www.uce-cyl.org\/web\/wp-json\/wp\/v2\/users\/1"}],"replies":[{"embeddable":true,"href":"https:\/\/www.uce-cyl.org\/web\/wp-json\/wp\/v2\/comments?post=929"}],"version-history":[{"count":1,"href":"https:\/\/www.uce-cyl.org\/web\/wp-json\/wp\/v2\/posts\/929\/revisions"}],"predecessor-version":[{"id":931,"href":"https:\/\/www.uce-cyl.org\/web\/wp-json\/wp\/v2\/posts\/929\/revisions\/931"}],"wp:featuredmedia":[{"embeddable":true,"href":"https:\/\/www.uce-cyl.org\/web\/wp-json\/wp\/v2\/media\/930"}],"wp:attachment":[{"href":"https:\/\/www.uce-cyl.org\/web\/wp-json\/wp\/v2\/media?parent=929"}],"wp:term":[{"taxonomy":"category","embeddable":true,"href":"https:\/\/www.uce-cyl.org\/web\/wp-json\/wp\/v2\/categories?post=929"},{"taxonomy":"post_tag","embeddable":true,"href":"https:\/\/www.uce-cyl.org\/web\/wp-json\/wp\/v2\/tags?post=929"}],"curies":[{"name":"wp","href":"https:\/\/api.w.org\/{rel}","templated":true}]}}