{"id":897,"date":"2023-05-29T11:13:18","date_gmt":"2023-05-29T11:13:18","guid":{"rendered":"https:\/\/www.uce-cyl.org\/web\/?p=897"},"modified":"2023-05-29T16:45:28","modified_gmt":"2023-05-29T16:45:28","slug":"nace-consumes-la-confederacion-de-consumidores-en-la-que-confluye-la-mayor-experiencia-de-espana-en-la-defensa-de-los-derechos-de-los-consumidores-y-usuarios","status":"publish","type":"post","link":"https:\/\/www.uce-cyl.org\/web\/2023\/05\/29\/nace-consumes-la-confederacion-de-consumidores-en-la-que-confluye-la-mayor-experiencia-de-espana-en-la-defensa-de-los-derechos-de-los-consumidores-y-usuarios\/","title":{"rendered":"Nace ConsumES, la Confederaci\u00f3n de Consumidores en la que confluye la mayor experiencia de Espa\u00f1a en la defensa de los derechos de los consumidores y usuarios."},"content":{"rendered":"<div class=\"wp-block-image\">\n<figure class=\"aligncenter size-full is-resized\"><img loading=\"lazy\" decoding=\"async\" src=\"https:\/\/www.uce-cyl.org\/web\/wp-content\/uploads\/2023\/05\/CONSUMES-imagen-destacada.jpg\" alt=\"\" class=\"wp-image-908\" width=\"346\" height=\"216\" srcset=\"https:\/\/www.uce-cyl.org\/web\/wp-content\/uploads\/2023\/05\/CONSUMES-imagen-destacada.jpg 466w, https:\/\/www.uce-cyl.org\/web\/wp-content\/uploads\/2023\/05\/CONSUMES-imagen-destacada-300x187.jpg 300w\" sizes=\"auto, (max-width: 346px) 100vw, 346px\" \/><\/figure>\n<\/div>\n\n\n<p class=\"has-text-align-left\">El pasado martes 23 de mayo, en la sede el Consejo Econ\u00f3mico y Social de Galicia tuvo lugar el acto de constituci\u00f3n de&nbsp;<strong>ConsumES&nbsp;<\/strong>organizaci\u00f3n de consumidores y usuarios de \u00e1mbito estatal&nbsp;<strong>integrada por seis de las organizaciones de consumidores auton\u00f3micas con m\u00e1s presencia institucional, territorial y medi\u00e1tica del Estado<\/strong>. <\/p>\n\n\n\n<figure class=\"wp-block-image size-large\"><img loading=\"lazy\" decoding=\"async\" width=\"1024\" height=\"697\" src=\"https:\/\/www.uce-cyl.org\/web\/wp-content\/uploads\/2023\/05\/Firmantes-de-la-constitucion-de-ConsumES-1024x697.jpg\" alt=\"\" class=\"wp-image-900\" srcset=\"https:\/\/www.uce-cyl.org\/web\/wp-content\/uploads\/2023\/05\/Firmantes-de-la-constitucion-de-ConsumES-1024x697.jpg 1024w, https:\/\/www.uce-cyl.org\/web\/wp-content\/uploads\/2023\/05\/Firmantes-de-la-constitucion-de-ConsumES-300x204.jpg 300w, https:\/\/www.uce-cyl.org\/web\/wp-content\/uploads\/2023\/05\/Firmantes-de-la-constitucion-de-ConsumES-768x523.jpg 768w, https:\/\/www.uce-cyl.org\/web\/wp-content\/uploads\/2023\/05\/Firmantes-de-la-constitucion-de-ConsumES-1536x1046.jpg 1536w, https:\/\/www.uce-cyl.org\/web\/wp-content\/uploads\/2023\/05\/Firmantes-de-la-constitucion-de-ConsumES-2048x1394.jpg 2048w\" sizes=\"auto, (max-width: 1024px) 100vw, 1024px\" \/><\/figure>\n\n\n\n<p><\/p>\n\n\n\n<p>Uni\u00f3n de Consumidores de la Comunitat Valenciana, Uni\u00f3n de Consumidores de Galicia, Uni\u00f3n de Consumidores de Euskadi, Uni\u00f3 de Consumidors de Catalunya -UCC, Uni\u00f3n de Consumidores de Castilla y Le\u00f3n y Uni\u00f3n de Consumidores de Cantabria suman una larga experiencia en la defensa de las personas consumidoras y usuarias del nuestro pa\u00eds y una trayectoria que data del inicio del movimiento consumerista espa\u00f1ol. Las seis asociaciones y federaciones que conforman la nueva organizaci\u00f3n consideran que era necesario introducir en el escenario nacional&nbsp;<strong>una alternativa a la limitada actividad en el desarrollo de pol\u00edticas y actuaciones centradas en las personas consumidoras<\/strong>, en particular las dirigidas al fomento de su&nbsp;<strong>educaci\u00f3n, formaci\u00f3n y defensa en el \u00e1mbito institucional<\/strong>. Del mismo modo, las entidades integrantes de ConsumES comparten la necesidad de dotarse de mecanismos propios de organizaciones de consumidores de \u00e1mbito estatal y que les permitir\u00e1n el desarrollo de actuaciones en el \u00e1mbito pol\u00edtico, legislativo y jurisdiccional dif\u00edciles de abordar desde el \u00e1mbito territorial auton\u00f3mico propio de cada una de ellas. Colaboraci\u00f3n, interlocuci\u00f3n, participaci\u00f3n e internacionalizaci\u00f3n son algunos de los pilares de la estrategia de actuaci\u00f3n de una organizaci\u00f3n que considera la necesidad de abordar la transversalidad que el mundo del consumo ha adquirido a lo largo de los a\u00f1os en el \u00e1mbito nacional e internacional.<\/p>\n\n\n\n<p class=\"has-text-align-left\">Para enfrontar estos retos y desaf\u00edos, ConsumES ha apostado por un equipo con sobrada trayectoria y experiencia, conformado por Vicente Inglada Alcaide (secretario de la Uni\u00f3n de Consumidores de la Comunitat Valenciana) que ostentar\u00e1 la presidencia; Miguel L\u00f3pez Crespo (secretario general de Uni\u00f3n de Consumidores de Galicia) en la vicepresidencia; Ana Alzaga Menaza (secretaria general de la Uni\u00f3n de Consumidores de Euskadi) en la secretar\u00eda; Salvador Dom\u00ednguez Rodr\u00edguez (presidente de Uni\u00f3 de Consumidors de Catalunya) a cargo de la tesorer\u00eda; Prudencio Prieto Cardo (presidente de Uni\u00f3n de Consumidores de Castilla y Le\u00f3n) y Juan Jos\u00e9 Maestro Gallardo (presidente de Uni\u00f3n de Consumidores de Cantabria), ambos en las vocal\u00edas.<\/p>\n","protected":false},"excerpt":{"rendered":"<p>El pasado martes 23 de mayo, en la sede el Consejo Econ\u00f3mico y Social de Galicia tuvo lugar el acto de constituci\u00f3n de&nbsp;ConsumES&nbsp;organizaci\u00f3n de consumidores&hellip;<\/p>\n","protected":false},"author":1,"featured_media":907,"comment_status":"closed","ping_status":"closed","sticky":false,"template":"","format":"standard","meta":{"footnotes":""},"categories":[18],"tags":[95,94,5],"class_list":["post-897","post","type-post","status-publish","format-standard","has-post-thumbnail","hentry","category-noticias","tag-2023-2","tag-consumes","tag-consumidores"],"_links":{"self":[{"href":"https:\/\/www.uce-cyl.org\/web\/wp-json\/wp\/v2\/posts\/897","targetHints":{"allow":["GET"]}}],"collection":[{"href":"https:\/\/www.uce-cyl.org\/web\/wp-json\/wp\/v2\/posts"}],"about":[{"href":"https:\/\/www.uce-cyl.org\/web\/wp-json\/wp\/v2\/types\/post"}],"author":[{"embeddable":true,"href":"https:\/\/www.uce-cyl.org\/web\/wp-json\/wp\/v2\/users\/1"}],"replies":[{"embeddable":true,"href":"https:\/\/www.uce-cyl.org\/web\/wp-json\/wp\/v2\/comments?post=897"}],"version-history":[{"count":5,"href":"https:\/\/www.uce-cyl.org\/web\/wp-json\/wp\/v2\/posts\/897\/revisions"}],"predecessor-version":[{"id":911,"href":"https:\/\/www.uce-cyl.org\/web\/wp-json\/wp\/v2\/posts\/897\/revisions\/911"}],"wp:featuredmedia":[{"embeddable":true,"href":"https:\/\/www.uce-cyl.org\/web\/wp-json\/wp\/v2\/media\/907"}],"wp:attachment":[{"href":"https:\/\/www.uce-cyl.org\/web\/wp-json\/wp\/v2\/media?parent=897"}],"wp:term":[{"taxonomy":"category","embeddable":true,"href":"https:\/\/www.uce-cyl.org\/web\/wp-json\/wp\/v2\/categories?post=897"},{"taxonomy":"post_tag","embeddable":true,"href":"https:\/\/www.uce-cyl.org\/web\/wp-json\/wp\/v2\/tags?post=897"}],"curies":[{"name":"wp","href":"https:\/\/api.w.org\/{rel}","templated":true}]}}