{"id":718,"date":"2022-03-31T11:46:51","date_gmt":"2022-03-31T11:46:51","guid":{"rendered":"https:\/\/www.uce-cyl.org\/web\/?p=718"},"modified":"2022-03-31T11:46:52","modified_gmt":"2022-03-31T11:46:52","slug":"continuamos-en-burgos-ahora-en-el-c-c-el-mirador","status":"publish","type":"post","link":"https:\/\/www.uce-cyl.org\/web\/2022\/03\/31\/continuamos-en-burgos-ahora-en-el-c-c-el-mirador\/","title":{"rendered":"Continuamos en BURGOS, ahora en el C.C. El Mirador"},"content":{"rendered":"\n<p>La <strong>EXPOSICION &#8220;35 A\u00d1OS DEFENDIENDO TUS DERECHOS&#8221;<\/strong> contin\u00faa en <strong>Burgos<\/strong>,<\/p>\n\n\n\n<p>con nueva ubicaci\u00f3n en el <strong>Centro Comercial El Mirador<\/strong>, situado en Carretera Santander, 2.<\/p>\n\n\n\n<p>Desde el d\u00eda 28 de marzo al 18 abril, puedes visitarla. <\/p>\n\n\n\n<p>\u00a1Te esperamos!<\/p>\n\n\n\n<figure class=\"wp-block-image size-thumbnail\"><img loading=\"lazy\" decoding=\"async\" width=\"150\" height=\"150\" src=\"https:\/\/www.uce-cyl.org\/web\/wp-content\/uploads\/2022\/03\/el-mirador-150x150.jpg\" alt=\"\" class=\"wp-image-719\" srcset=\"https:\/\/www.uce-cyl.org\/web\/wp-content\/uploads\/2022\/03\/el-mirador-150x150.jpg 150w, https:\/\/www.uce-cyl.org\/web\/wp-content\/uploads\/2022\/03\/el-mirador.jpg 195w\" sizes=\"auto, (max-width: 150px) 100vw, 150px\" \/><\/figure>\n","protected":false},"excerpt":{"rendered":"<p>La EXPOSICION &#8220;35 A\u00d1OS DEFENDIENDO TUS DERECHOS&#8221; contin\u00faa en Burgos, con nueva ubicaci\u00f3n en el Centro Comercial El Mirador, situado en Carretera Santander, 2. Desde&hellip;<\/p>\n","protected":false},"author":4,"featured_media":719,"comment_status":"closed","ping_status":"closed","sticky":false,"template":"","format":"standard","meta":{"footnotes":""},"categories":[18],"tags":[34,49,35,50],"class_list":["post-718","post","type-post","status-publish","format-standard","has-post-thumbnail","hentry","category-noticias","tag-burgos","tag-carrefour","tag-exposicion","tag-mirador"],"_links":{"self":[{"href":"https:\/\/www.uce-cyl.org\/web\/wp-json\/wp\/v2\/posts\/718","targetHints":{"allow":["GET"]}}],"collection":[{"href":"https:\/\/www.uce-cyl.org\/web\/wp-json\/wp\/v2\/posts"}],"about":[{"href":"https:\/\/www.uce-cyl.org\/web\/wp-json\/wp\/v2\/types\/post"}],"author":[{"embeddable":true,"href":"https:\/\/www.uce-cyl.org\/web\/wp-json\/wp\/v2\/users\/4"}],"replies":[{"embeddable":true,"href":"https:\/\/www.uce-cyl.org\/web\/wp-json\/wp\/v2\/comments?post=718"}],"version-history":[{"count":2,"href":"https:\/\/www.uce-cyl.org\/web\/wp-json\/wp\/v2\/posts\/718\/revisions"}],"predecessor-version":[{"id":721,"href":"https:\/\/www.uce-cyl.org\/web\/wp-json\/wp\/v2\/posts\/718\/revisions\/721"}],"wp:featuredmedia":[{"embeddable":true,"href":"https:\/\/www.uce-cyl.org\/web\/wp-json\/wp\/v2\/media\/719"}],"wp:attachment":[{"href":"https:\/\/www.uce-cyl.org\/web\/wp-json\/wp\/v2\/media?parent=718"}],"wp:term":[{"taxonomy":"category","embeddable":true,"href":"https:\/\/www.uce-cyl.org\/web\/wp-json\/wp\/v2\/categories?post=718"},{"taxonomy":"post_tag","embeddable":true,"href":"https:\/\/www.uce-cyl.org\/web\/wp-json\/wp\/v2\/tags?post=718"}],"curies":[{"name":"wp","href":"https:\/\/api.w.org\/{rel}","templated":true}]}}