{"id":480,"date":"2022-01-20T11:28:21","date_gmt":"2022-01-20T11:28:21","guid":{"rendered":"https:\/\/www.uce-cyl.org\/web\/?p=480"},"modified":"2022-01-21T16:57:57","modified_gmt":"2022-01-21T16:57:57","slug":"novedades-en-la-ley-de-garantias","status":"publish","type":"post","link":"https:\/\/www.uce-cyl.org\/web\/2022\/01\/20\/novedades-en-la-ley-de-garantias\/","title":{"rendered":"NOVEDADES EN LA LEY DE GARANT\u00cdAS"},"content":{"rendered":"\n<div class=\"wp-block-image\"><figure class=\"aligncenter size-large is-resized\"><img loading=\"lazy\" decoding=\"async\" src=\"https:\/\/www.uce-cyl.org\/web\/wp-content\/uploads\/2022\/01\/libro-normativa-1024x682.jpeg\" alt=\"\" class=\"wp-image-482\" width=\"434\" height=\"289\" srcset=\"https:\/\/www.uce-cyl.org\/web\/wp-content\/uploads\/2022\/01\/libro-normativa-1024x682.jpeg 1024w, https:\/\/www.uce-cyl.org\/web\/wp-content\/uploads\/2022\/01\/libro-normativa-300x200.jpeg 300w, https:\/\/www.uce-cyl.org\/web\/wp-content\/uploads\/2022\/01\/libro-normativa-768x512.jpeg 768w, https:\/\/www.uce-cyl.org\/web\/wp-content\/uploads\/2022\/01\/libro-normativa-1536x1024.jpeg 1536w, https:\/\/www.uce-cyl.org\/web\/wp-content\/uploads\/2022\/01\/libro-normativa.jpeg 1880w\" sizes=\"auto, (max-width: 434px) 100vw, 434px\" \/><\/figure><\/div>\n\n\n\n<p class=\"has-text-color\" id=\"block-7965e01d-a698-4e21-8b4a-df2e4747fcb9\" style=\"color:#407d11\"><strong><span style=\"color:#407d11\" class=\"has-inline-color\">M\u00c1S\u00a0 VIDA\u00a0 PARA\u00a0 TUS\u00a0 PRODUCTOS:<\/span><\/strong><\/p>\n\n\n\n<p id=\"block-011d080e-1a0b-434f-932d-7dfbf3c8c042\">** <strong>El plazo de garant\u00eda de bienes aumenta de 2 a 3 a\u00f1os.<\/strong> <strong>&nbsp;<\/strong><br>** <strong>Las empresas estar\u00e1n obligadas a disponer de piezas de repuesto durante 10 a\u00f1os<\/strong>.<\/p>\n\n\n\n<p id=\"block-681421ca-b332-486b-8394-25b1b14cab22\"><strong><span style=\"color:#407d11\" class=\"has-inline-color\">SE\u00a0 REGULAN\u00a0 LOS\u00a0 SERVICIOS\u00a0 DIGITALES GRATUITOS\u00a0 QUE\u00a0 SE\u00a0 OBTIENEN A CAMBIO DE\u00a0 DATOS\u00a0 PERSONALES.<\/span><\/strong><\/p>\n\n\n\n<hr class=\"wp-block-separator alignfull\"\/>\n\n\n\n<p id=\"block-83e6fbf3-1585-4e74-ab95-a2d70953c500\"><sub>Real Decreto-ley 7\/2021, de 27 de abril, de transposici\u00f3n de directivas de la Uni\u00f3n Europea en las materias de competencia, prevenci\u00f3n del blanqueo de capitales, entidades de cr\u00e9dito, telecomunicaciones, medidas tributarias, prevenci\u00f3n y reparaci\u00f3n de da\u00f1os medioambientales, desplazamiento de trabajadores en la prestaci\u00f3n de servicios transnacionales y defensa de los consumidores. <\/sub><\/p>\n\n\n\n<p><a href=\"https:\/\/www.boe.es\/eli\/es\/rdl\/2021\/04\/27\/7\/dof\/spa\/pdf\">https:\/\/www.boe.es\/eli\/es\/rdl\/2021\/04\/27\/7\/dof\/spa\/pdf<\/a><\/p>\n\n\n\n<div class=\"wp-block-group alignwide\"><div class=\"wp-block-group__inner-container is-layout-flow wp-block-group-is-layout-flow\"><\/div><\/div>\n\n\n\n<p><\/p>\n","protected":false},"excerpt":{"rendered":"<p>M\u00c1S\u00a0 VIDA\u00a0 PARA\u00a0 TUS\u00a0 PRODUCTOS: ** El plazo de garant\u00eda de bienes aumenta de 2 a 3 a\u00f1os. &nbsp;** Las empresas estar\u00e1n obligadas a disponer&hellip;<\/p>\n","protected":false},"author":4,"featured_media":482,"comment_status":"closed","ping_status":"closed","sticky":false,"template":"","format":"standard","meta":{"footnotes":""},"categories":[18],"tags":[23,22],"class_list":["post-480","post","type-post","status-publish","format-standard","has-post-thumbnail","hentry","category-noticias","tag-garantias","tag-ley"],"_links":{"self":[{"href":"https:\/\/www.uce-cyl.org\/web\/wp-json\/wp\/v2\/posts\/480","targetHints":{"allow":["GET"]}}],"collection":[{"href":"https:\/\/www.uce-cyl.org\/web\/wp-json\/wp\/v2\/posts"}],"about":[{"href":"https:\/\/www.uce-cyl.org\/web\/wp-json\/wp\/v2\/types\/post"}],"author":[{"embeddable":true,"href":"https:\/\/www.uce-cyl.org\/web\/wp-json\/wp\/v2\/users\/4"}],"replies":[{"embeddable":true,"href":"https:\/\/www.uce-cyl.org\/web\/wp-json\/wp\/v2\/comments?post=480"}],"version-history":[{"count":20,"href":"https:\/\/www.uce-cyl.org\/web\/wp-json\/wp\/v2\/posts\/480\/revisions"}],"predecessor-version":[{"id":556,"href":"https:\/\/www.uce-cyl.org\/web\/wp-json\/wp\/v2\/posts\/480\/revisions\/556"}],"wp:featuredmedia":[{"embeddable":true,"href":"https:\/\/www.uce-cyl.org\/web\/wp-json\/wp\/v2\/media\/482"}],"wp:attachment":[{"href":"https:\/\/www.uce-cyl.org\/web\/wp-json\/wp\/v2\/media?parent=480"}],"wp:term":[{"taxonomy":"category","embeddable":true,"href":"https:\/\/www.uce-cyl.org\/web\/wp-json\/wp\/v2\/categories?post=480"},{"taxonomy":"post_tag","embeddable":true,"href":"https:\/\/www.uce-cyl.org\/web\/wp-json\/wp\/v2\/tags?post=480"}],"curies":[{"name":"wp","href":"https:\/\/api.w.org\/{rel}","templated":true}]}}