{"id":1476,"date":"2026-04-27T11:51:49","date_gmt":"2026-04-27T11:51:49","guid":{"rendered":"https:\/\/www.uce-cyl.org\/web\/?p=1476"},"modified":"2026-04-27T11:52:42","modified_gmt":"2026-04-27T11:52:42","slug":"consumes-exige-a-ree-publicar-las-llamadas-del-apagon-de-28-de-abril","status":"publish","type":"post","link":"https:\/\/www.uce-cyl.org\/web\/2026\/04\/27\/consumes-exige-a-ree-publicar-las-llamadas-del-apagon-de-28-de-abril\/","title":{"rendered":"ConsumES exige a REE publicar las llamadas del apag\u00f3n de 28 de abril"},"content":{"rendered":"\n<p class=\"has-text-align-center\"><strong>NOTA DE PRENSA<\/strong><\/p>\n\n\n\n<p class=\"has-text-align-center\"><strong>La organizaci\u00f3n reclama transparencia total sobre si el operador conoc\u00eda los problemas de inestabilidad de la red y por qu\u00e9 no se actu\u00f3 antes<\/strong><\/p>\n\n\n\n<p class=\"has-text-align-right\">Santiago de Compostela, 27 de abril de 2026<\/p>\n\n\n\n<p>ConsumES ha solicitado a Red El\u00e9ctrica de Espa\u00f1a (REE) la <strong>publicaci\u00f3n \u00edntegra de todas las llamadas y comunicaciones operativas<\/strong> del d\u00eda del apag\u00f3n del 28 de abril, as\u00ed como de los d\u00edas anteriores, para <strong>aclarar las causas reales<\/strong> del incidente y <strong>determinar si fue previsible y evitable<\/strong>.<\/p>\n\n\n\n<p>ConsumES recuerda que REE, como <strong>operador del sistema el\u00e9ctrico<\/strong>, tiene la obligaci\u00f3n legal de <strong>garantizar la continuidad y seguridad del suministro<\/strong>, tal y como establece el art\u00edculo 13 de la Ley 24\/2013 del Sector El\u00e9ctrico, y de <strong>actuar con criterios de transparencia<\/strong>, conforme a la Ley 19\/2013 de Transparencia y al Reglamento (UE) 2019\/943 del mercado interior de la electricidad.<\/p>\n\n\n\n<p>Resulta imprescindible <strong>conocer si REE ya ten\u00eda constancia de problemas de inestabilidad y control de tensi\u00f3n<\/strong>, tal y como apuntan diversas informaciones sobre el contenido de las llamadas internas, y si esos avisos fueron correctamente gestionados.<\/p>\n\n\n\n<p>\u201c<em>Cuando se produce un apag\u00f3n, los consumidores tienen derecho a saber qu\u00e9 sab\u00eda el operador del sistema, cu\u00e1ndo lo sab\u00eda y qu\u00e9 decisiones tom\u00f3<\/em>\u201d.<\/p>\n\n\n\n<p>La organizaci\u00f3n tambi\u00e9n ha pedido <strong>explicaciones sobre la operaci\u00f3n reforzada aplicada tras el apag\u00f3n<\/strong>, que ha incrementado los costes del sistema y que, a su juicio, podr\u00eda estar <strong>relacionada con problemas t\u00e9cnicos ya identificados previamente<\/strong>. En ese sentido, ha exigido aclarar por qu\u00e9 dichas medidas no se adoptaron antes del 28 de abril.<\/p>\n\n\n\n<p>Igualmente ha pedido <strong>transparencia sobre si la falta de generaci\u00f3n s\u00edncrona suficiente<\/strong> pudo impedir a REE mantener el control de tensi\u00f3n ese d\u00eda y si el sistema se encontraba adecuadamente preparado para operar en esas condiciones.<\/p>\n\n\n\n<p>En concreto la Confederaci\u00f3n ConsumES y las entidades que la componen han exigido a REE:<\/p>\n\n\n\n<ul class=\"wp-block-list\">\n<li>La <strong>publicaci\u00f3n completa y sin ediciones de las llamadas y comunicaciones operativas<\/strong> del apag\u00f3n y de los d\u00edas previos.<\/li>\n\n\n\n<li>Una <strong>explicaci\u00f3n t\u00e9cnica detallada<\/strong> de la informaci\u00f3n disponible antes del incidente.<\/li>\n\n\n\n<li>La <strong>justificaci\u00f3n de las medidas de operaci\u00f3n reforzada<\/strong> actuales y de su impacto econ\u00f3mico en los consumidores.<\/li>\n\n\n\n<li>La <strong>depuraci\u00f3n de responsabilidades<\/strong>, si se confirma que los riesgos eran conocidos y no se actu\u00f3 de forma preventiva.<\/li>\n<\/ul>\n\n\n\n<p>\u201c<em>La seguridad del suministro el\u00e9ctrico es un pilar b\u00e1sico del sistema y no admite opacidad. La transparencia es una obligaci\u00f3n legal y una exigencia democr\u00e1tica<\/em>\u201d.<strong><\/strong><\/p>\n\n\n\n<p><strong>ConsumES exige a REE publicar las llamadas del apag\u00f3n de 28 de abril<\/strong><\/p>\n\n\n\n<p><strong>La organizaci\u00f3n reclama transparencia total sobre si el operador conoc\u00eda los problemas de inestabilidad de la red y por qu\u00e9 no se actu\u00f3 antes<\/strong><\/p>\n\n\n\n<p>Santiago de Compostela, 27 de abril de 2026<\/p>\n\n\n\n<p>ConsumES ha solicitado a Red El\u00e9ctrica de Espa\u00f1a (REE) la <strong>publicaci\u00f3n \u00edntegra de todas las llamadas y comunicaciones operativas<\/strong> del d\u00eda del apag\u00f3n del 28 de abril, as\u00ed como de los d\u00edas anteriores, para <strong>aclarar las causas reales<\/strong> del incidente y <strong>determinar si fue previsible y evitable<\/strong>.<\/p>\n\n\n\n<p>ConsumES recuerda que REE, como <strong>operador del sistema el\u00e9ctrico<\/strong>, tiene la obligaci\u00f3n legal de <strong>garantizar la continuidad y seguridad del suministro<\/strong>, tal y como establece el art\u00edculo 13 de la Ley 24\/2013 del Sector El\u00e9ctrico, y de <strong>actuar con criterios de transparencia<\/strong>, conforme a la Ley 19\/2013 de Transparencia y al Reglamento (UE) 2019\/943 del mercado interior de la electricidad.<\/p>\n\n\n\n<p>Resulta imprescindible <strong>conocer si REE ya ten\u00eda constancia de problemas de inestabilidad y control de tensi\u00f3n<\/strong>, tal y como apuntan diversas informaciones sobre el contenido de las llamadas internas, y si esos avisos fueron correctamente gestionados.<\/p>\n\n\n\n<p>\u201c<em>Cuando se produce un apag\u00f3n, los consumidores tienen derecho a saber qu\u00e9 sab\u00eda el operador del sistema, cu\u00e1ndo lo sab\u00eda y qu\u00e9 decisiones tom\u00f3<\/em>\u201d.<\/p>\n\n\n\n<p>La organizaci\u00f3n tambi\u00e9n ha pedido <strong>explicaciones sobre la operaci\u00f3n reforzada aplicada tras el apag\u00f3n<\/strong>, que ha incrementado los costes del sistema y que, a su juicio, podr\u00eda estar <strong>relacionada con problemas t\u00e9cnicos ya identificados previamente<\/strong>. En ese sentido, ha exigido aclarar por qu\u00e9 dichas medidas no se adoptaron antes del 28 de abril.<\/p>\n\n\n\n<p>Igualmente ha pedido <strong>transparencia sobre si la falta de generaci\u00f3n s\u00edncrona suficiente<\/strong> pudo impedir a REE mantener el control de tensi\u00f3n ese d\u00eda y si el sistema se encontraba adecuadamente preparado para operar en esas condiciones.<\/p>\n\n\n\n<p>En concreto la Confederaci\u00f3n ConsumES y las entidades que la componen han exigido a REE:<\/p>\n\n\n\n<ul class=\"wp-block-list\">\n<li>La <strong>publicaci\u00f3n completa y sin ediciones de las llamadas y comunicaciones operativas<\/strong> del apag\u00f3n y de los d\u00edas previos.<\/li>\n\n\n\n<li>Una <strong>explicaci\u00f3n t\u00e9cnica detallada<\/strong> de la informaci\u00f3n disponible antes del incidente.<\/li>\n\n\n\n<li>La <strong>justificaci\u00f3n de las medidas de operaci\u00f3n reforzada<\/strong> actuales y de su impacto econ\u00f3mico en los consumidores.<\/li>\n\n\n\n<li>La <strong>depuraci\u00f3n de responsabilidades<\/strong>, si se confirma que los riesgos eran conocidos y no se actu\u00f3 de forma preventiva.<\/li>\n<\/ul>\n\n\n\n<p>\u201c<em>La seguridad del suministro el\u00e9ctrico es un pilar b\u00e1sico del sistema y no admite opacidad. La transparencia es una obligaci\u00f3n legal y una exigencia democr\u00e1tica<\/em>\u201d.<strong><\/strong><\/p>\n\n\n\n<p><\/p>\n\n\n\n<p><\/p>\n\n\n\n<p><\/p>\n\n\n\n<p><strong>ConsumES exige a REE publicar las llamadas del apag\u00f3n de 28 de abril<\/strong><\/p>\n\n\n\n<p><strong>La organizaci\u00f3n reclama transparencia total sobre si el operador conoc\u00eda los problemas de inestabilidad de la red y por qu\u00e9 no se actu\u00f3 antes<\/strong><\/p>\n\n\n\n<p>Santiago de Compostela, 27 de abril de 2026<\/p>\n\n\n\n<p>ConsumES ha solicitado a Red El\u00e9ctrica de Espa\u00f1a (REE) la <strong>publicaci\u00f3n \u00edntegra de todas las llamadas y comunicaciones operativas<\/strong> del d\u00eda del apag\u00f3n del 28 de abril, as\u00ed como de los d\u00edas anteriores, para <strong>aclarar las causas reales<\/strong> del incidente y <strong>determinar si fue previsible y evitable<\/strong>.<\/p>\n\n\n\n<p>ConsumES recuerda que REE, como <strong>operador del sistema el\u00e9ctrico<\/strong>, tiene la obligaci\u00f3n legal de <strong>garantizar la continuidad y seguridad del suministro<\/strong>, tal y como establece el art\u00edculo 13 de la Ley 24\/2013 del Sector El\u00e9ctrico, y de <strong>actuar con criterios de transparencia<\/strong>, conforme a la Ley 19\/2013 de Transparencia y al Reglamento (UE) 2019\/943 del mercado interior de la electricidad.<\/p>\n\n\n\n<p>Resulta imprescindible <strong>conocer si REE ya ten\u00eda constancia de problemas de inestabilidad y control de tensi\u00f3n<\/strong>, tal y como apuntan diversas informaciones sobre el contenido de las llamadas internas, y si esos avisos fueron correctamente gestionados.<\/p>\n\n\n\n<p>\u201c<em>Cuando se produce un apag\u00f3n, los consumidores tienen derecho a saber qu\u00e9 sab\u00eda el operador del sistema, cu\u00e1ndo lo sab\u00eda y qu\u00e9 decisiones tom\u00f3<\/em>\u201d.<\/p>\n\n\n\n<p>La organizaci\u00f3n tambi\u00e9n ha pedido <strong>explicaciones sobre la operaci\u00f3n reforzada aplicada tras el apag\u00f3n<\/strong>, que ha incrementado los costes del sistema y que, a su juicio, podr\u00eda estar <strong>relacionada con problemas t\u00e9cnicos ya identificados previamente<\/strong>. En ese sentido, ha exigido aclarar por qu\u00e9 dichas medidas no se adoptaron antes del 28 de abril.<\/p>\n\n\n\n<p>Igualmente ha pedido <strong>transparencia sobre si la falta de generaci\u00f3n s\u00edncrona suficiente<\/strong> pudo impedir a REE mantener el control de tensi\u00f3n ese d\u00eda y si el sistema se encontraba adecuadamente preparado para operar en esas condiciones.<\/p>\n\n\n\n<p>En concreto la Confederaci\u00f3n ConsumES y las entidades que la componen han exigido a REE:<\/p>\n\n\n\n<ul class=\"wp-block-list\">\n<li>La <strong>publicaci\u00f3n completa y sin ediciones de las llamadas y comunicaciones operativas<\/strong> del apag\u00f3n y de los d\u00edas previos.<\/li>\n\n\n\n<li>Una <strong>explicaci\u00f3n t\u00e9cnica detallada<\/strong> de la informaci\u00f3n disponible antes del incidente.<\/li>\n\n\n\n<li>La <strong>justificaci\u00f3n de las medidas de operaci\u00f3n reforzada<\/strong> actuales y de su impacto econ\u00f3mico en los consumidores.<\/li>\n\n\n\n<li>La <strong>depuraci\u00f3n de responsabilidades<\/strong>, si se confirma que los riesgos eran conocidos y no se actu\u00f3 de forma preventiva.<\/li>\n<\/ul>\n\n\n\n<p>\u201c<em>La seguridad del suministro el\u00e9ctrico es un pilar b\u00e1sico del sistema y no admite opacidad. La transparencia es una obligaci\u00f3n legal y una exigencia democr\u00e1tica<\/em>\u201d.<strong><\/strong><\/p>\n","protected":false},"excerpt":{"rendered":"<p>NOTA DE PRENSA La organizaci\u00f3n reclama transparencia total sobre si el operador conoc\u00eda los problemas de inestabilidad de la red y por qu\u00e9 no se&hellip;<\/p>\n","protected":false},"author":4,"featured_media":1477,"comment_status":"closed","ping_status":"closed","sticky":false,"template":"","format":"standard","meta":{"footnotes":""},"categories":[18,1],"tags":[],"class_list":["post-1476","post","type-post","status-publish","format-standard","has-post-thumbnail","hentry","category-noticias","category-sin-categoria"],"_links":{"self":[{"href":"https:\/\/www.uce-cyl.org\/web\/wp-json\/wp\/v2\/posts\/1476","targetHints":{"allow":["GET"]}}],"collection":[{"href":"https:\/\/www.uce-cyl.org\/web\/wp-json\/wp\/v2\/posts"}],"about":[{"href":"https:\/\/www.uce-cyl.org\/web\/wp-json\/wp\/v2\/types\/post"}],"author":[{"embeddable":true,"href":"https:\/\/www.uce-cyl.org\/web\/wp-json\/wp\/v2\/users\/4"}],"replies":[{"embeddable":true,"href":"https:\/\/www.uce-cyl.org\/web\/wp-json\/wp\/v2\/comments?post=1476"}],"version-history":[{"count":1,"href":"https:\/\/www.uce-cyl.org\/web\/wp-json\/wp\/v2\/posts\/1476\/revisions"}],"predecessor-version":[{"id":1478,"href":"https:\/\/www.uce-cyl.org\/web\/wp-json\/wp\/v2\/posts\/1476\/revisions\/1478"}],"wp:featuredmedia":[{"embeddable":true,"href":"https:\/\/www.uce-cyl.org\/web\/wp-json\/wp\/v2\/media\/1477"}],"wp:attachment":[{"href":"https:\/\/www.uce-cyl.org\/web\/wp-json\/wp\/v2\/media?parent=1476"}],"wp:term":[{"taxonomy":"category","embeddable":true,"href":"https:\/\/www.uce-cyl.org\/web\/wp-json\/wp\/v2\/categories?post=1476"},{"taxonomy":"post_tag","embeddable":true,"href":"https:\/\/www.uce-cyl.org\/web\/wp-json\/wp\/v2\/tags?post=1476"}],"curies":[{"name":"wp","href":"https:\/\/api.w.org\/{rel}","templated":true}]}}