{"id":146,"date":"2021-12-05T11:10:34","date_gmt":"2021-12-05T11:10:34","guid":{"rendered":"https:\/\/www.uce-cyl.org\/web\/?p=146"},"modified":"2022-03-08T21:46:58","modified_gmt":"2022-03-08T21:46:58","slug":"35-anos-defendiendo-tus-derechos","status":"publish","type":"post","link":"https:\/\/www.uce-cyl.org\/web\/2021\/12\/05\/35-anos-defendiendo-tus-derechos\/","title":{"rendered":"35 A\u00d1OS DEFENDIENDO TUS DERECHOS"},"content":{"rendered":"\n<div class=\"wp-block-image\"><figure class=\"aligncenter size-large is-resized\"><img loading=\"lazy\" decoding=\"async\" src=\"https:\/\/www.uce-cyl.org\/web\/wp-content\/uploads\/2021\/12\/35-anos-defendiendo-tus-derechos-2-1024x536.png\" alt=\"\" class=\"wp-image-675\" width=\"478\" height=\"248\"\/><\/figure><\/div>\n\n\n\n<p>El pasado a\u00f1o la Uni\u00f3n de Consumidores de Castilla y Le\u00f3n cumpli\u00f3 35 a\u00f1os. <\/p>\n\n\n\n<p>Han sido 35 a\u00f1os de esfuerzo y dedicaci\u00f3n en favor de sus socios, defendiendo sus derechos como usuarios y consumidores de bienes y servicios.<\/p>\n\n\n\n<p>Y, bajo esta premisa, seguimos trabajando d\u00eda a d\u00eda.<\/p>\n\n\n\n<p><\/p>\n","protected":false},"excerpt":{"rendered":"<p>El pasado a\u00f1o la Uni\u00f3n de Consumidores de Castilla y Le\u00f3n cumpli\u00f3 35 a\u00f1os. Han sido 35 a\u00f1os de esfuerzo y dedicaci\u00f3n en favor de&hellip;<\/p>\n","protected":false},"author":2,"featured_media":675,"comment_status":"closed","ping_status":"closed","sticky":false,"template":"","format":"standard","meta":{"footnotes":""},"categories":[18],"tags":[3,4,5,6],"class_list":["post-146","post","type-post","status-publish","format-standard","has-post-thumbnail","hentry","category-noticias","tag-35-anos","tag-aniversario","tag-consumidores","tag-socios"],"_links":{"self":[{"href":"https:\/\/www.uce-cyl.org\/web\/wp-json\/wp\/v2\/posts\/146","targetHints":{"allow":["GET"]}}],"collection":[{"href":"https:\/\/www.uce-cyl.org\/web\/wp-json\/wp\/v2\/posts"}],"about":[{"href":"https:\/\/www.uce-cyl.org\/web\/wp-json\/wp\/v2\/types\/post"}],"author":[{"embeddable":true,"href":"https:\/\/www.uce-cyl.org\/web\/wp-json\/wp\/v2\/users\/2"}],"replies":[{"embeddable":true,"href":"https:\/\/www.uce-cyl.org\/web\/wp-json\/wp\/v2\/comments?post=146"}],"version-history":[{"count":7,"href":"https:\/\/www.uce-cyl.org\/web\/wp-json\/wp\/v2\/posts\/146\/revisions"}],"predecessor-version":[{"id":677,"href":"https:\/\/www.uce-cyl.org\/web\/wp-json\/wp\/v2\/posts\/146\/revisions\/677"}],"wp:featuredmedia":[{"embeddable":true,"href":"https:\/\/www.uce-cyl.org\/web\/wp-json\/wp\/v2\/media\/675"}],"wp:attachment":[{"href":"https:\/\/www.uce-cyl.org\/web\/wp-json\/wp\/v2\/media?parent=146"}],"wp:term":[{"taxonomy":"category","embeddable":true,"href":"https:\/\/www.uce-cyl.org\/web\/wp-json\/wp\/v2\/categories?post=146"},{"taxonomy":"post_tag","embeddable":true,"href":"https:\/\/www.uce-cyl.org\/web\/wp-json\/wp\/v2\/tags?post=146"}],"curies":[{"name":"wp","href":"https:\/\/api.w.org\/{rel}","templated":true}]}}