{"id":1455,"date":"2026-03-10T12:52:01","date_gmt":"2026-03-10T12:52:01","guid":{"rendered":"https:\/\/www.uce-cyl.org\/web\/?p=1455"},"modified":"2026-03-10T12:52:02","modified_gmt":"2026-03-10T12:52:02","slug":"charla-del-clic-al-cargo","status":"publish","type":"post","link":"https:\/\/www.uce-cyl.org\/web\/2026\/03\/10\/charla-del-clic-al-cargo\/","title":{"rendered":"Charla: DEL CLIC AL CARGO"},"content":{"rendered":"\n<p>CHARLA PARA J\u00d3VENES. En ella se desarollar\u00e1 los Derechos y los Riesgos de Comprar en l\u00ednea.<\/p>\n\n\n\n<p>Por la celebraci\u00f3n del D\u00eda de los Derechos del Consumidor vamos participar en la charla el pr\u00f3ximo d\u00eda 17 de marzo.<\/p>\n\n\n\n<figure class=\"wp-block-image size-large\"><img decoding=\"async\" src=\"https:\/\/www.uce-cyl.org\/web\/wp-content\/uploads\/2026\/03\/cartel-charla-dia-del-consumidor-17-03-2026-724x1024.jpg\" alt=\"\" class=\"wp-image-1456\"\/><\/figure>\n","protected":false},"excerpt":{"rendered":"<p>CHARLA PARA J\u00d3VENES. En ella se desarollar\u00e1 los Derechos y los Riesgos de Comprar en l\u00ednea. Por la celebraci\u00f3n del D\u00eda de los Derechos del&hellip;<\/p>\n","protected":false},"author":4,"featured_media":1457,"comment_status":"closed","ping_status":"closed","sticky":false,"template":"","format":"standard","meta":{"footnotes":""},"categories":[18],"tags":[266,273,274,271,272,36,270,115],"class_list":["post-1455","post","type-post","status-publish","format-standard","has-post-thumbnail","hentry","category-noticias","tag-266","tag-arbitraje","tag-ayuntamiento-valladolid","tag-clic","tag-compra-en-linea","tag-derechos","tag-dia-consumidor","tag-fraude"],"_links":{"self":[{"href":"https:\/\/www.uce-cyl.org\/web\/wp-json\/wp\/v2\/posts\/1455","targetHints":{"allow":["GET"]}}],"collection":[{"href":"https:\/\/www.uce-cyl.org\/web\/wp-json\/wp\/v2\/posts"}],"about":[{"href":"https:\/\/www.uce-cyl.org\/web\/wp-json\/wp\/v2\/types\/post"}],"author":[{"embeddable":true,"href":"https:\/\/www.uce-cyl.org\/web\/wp-json\/wp\/v2\/users\/4"}],"replies":[{"embeddable":true,"href":"https:\/\/www.uce-cyl.org\/web\/wp-json\/wp\/v2\/comments?post=1455"}],"version-history":[{"count":1,"href":"https:\/\/www.uce-cyl.org\/web\/wp-json\/wp\/v2\/posts\/1455\/revisions"}],"predecessor-version":[{"id":1458,"href":"https:\/\/www.uce-cyl.org\/web\/wp-json\/wp\/v2\/posts\/1455\/revisions\/1458"}],"wp:featuredmedia":[{"embeddable":true,"href":"https:\/\/www.uce-cyl.org\/web\/wp-json\/wp\/v2\/media\/1457"}],"wp:attachment":[{"href":"https:\/\/www.uce-cyl.org\/web\/wp-json\/wp\/v2\/media?parent=1455"}],"wp:term":[{"taxonomy":"category","embeddable":true,"href":"https:\/\/www.uce-cyl.org\/web\/wp-json\/wp\/v2\/categories?post=1455"},{"taxonomy":"post_tag","embeddable":true,"href":"https:\/\/www.uce-cyl.org\/web\/wp-json\/wp\/v2\/tags?post=1455"}],"curies":[{"name":"wp","href":"https:\/\/api.w.org\/{rel}","templated":true}]}}