{"id":1428,"date":"2025-12-15T12:02:49","date_gmt":"2025-12-15T12:02:49","guid":{"rendered":"https:\/\/www.uce-cyl.org\/web\/?p=1428"},"modified":"2025-12-15T12:03:04","modified_gmt":"2025-12-15T12:03:04","slug":"encuentros-informativos-los-arbitrajes-de-transportes-reclamaciones-colectivas-y-dano-moral","status":"publish","type":"post","link":"https:\/\/www.uce-cyl.org\/web\/2025\/12\/15\/encuentros-informativos-los-arbitrajes-de-transportes-reclamaciones-colectivas-y-dano-moral\/","title":{"rendered":"Encuentros informativos:\u00a0Los Arbitrajes de Transportes: Reclamaciones colectivas y da\u00f1o moral."},"content":{"rendered":"\n<p>En este encuentro abordaremos una cuesti\u00f3n de creciente relevancia para la tutela de los derechos de los consumidores en el \u00e1mbito del transporte terrestre:\u00a0<strong>la necesidad de integrar la reclamaci\u00f3n por da\u00f1o moral\u00a0y el uso de\u00a0reclamaciones colectivas\u00a0en las Juntas Arbitrales de Transporte<\/strong>. En una sociedad donde las incidencias en el transporte son cada vez m\u00e1s habituales y los tribunales muestran una\u00a0<strong>sensibilidad creciente<\/strong>\u00a0hacia la compensaci\u00f3n de perjuicios no patrimoniales, resulta fundamental debatir c\u00f3mo nuestras Juntas, como \u00f3rganos de resoluci\u00f3n \u00e1gil y especializada, pueden adaptarse a esta realidad. Analizar la incorporaci\u00f3n de estos dos mecanismos es esencial para ofrecer a los usuarios una\u00a0<strong>tutela jur\u00eddica m\u00e1s completa y eficaz<\/strong>, asegurando que las Juntas sigan siendo una v\u00eda de resoluci\u00f3n\u00a0<strong>pertinente y justa<\/strong>\u00a0ante los conflictos derivados de un servicio deficiente.<\/p>\n\n\n\n<p>Puedes conectarte en directo a nuestro canal&nbsp;<strong><a href=\"https:\/\/www.youtube.com\/@CONSUMES_ES\/streams\" target=\"_blank\" rel=\"noreferrer noopener\">Youtube de ConsumES<\/a>.<\/strong>&nbsp;El formato de estas actividades consiste en una&nbsp;<strong>exposici\u00f3n breve y muy accesible por parte de un\/una experto\/a en la materia quien podr\u00e1 resolver las dudas que les planteen los espectadores<\/strong>.<\/p>\n\n\n\n<p class=\"has-text-align-center\"><strong><mark style=\"background-color:rgba(0, 0, 0, 0);color:#fa0000\" class=\"has-inline-color\">FECHA y HORA:<\/mark><\/strong><br>17 de diciembre de 2025. 11.00 horas.<\/p>\n\n\n\n<p class=\"has-text-align-center\"><mark style=\"background-color:rgba(0, 0, 0, 0);color:#fd0000\" class=\"has-inline-color\"><strong>LUGAR<\/strong>:<\/mark><br><a href=\"https:\/\/www.youtube.com\/@CONSUMES_ES\" target=\"_blank\" rel=\"noreferrer noopener\">Canal de Youtube de ConsumES.<\/a><\/p>\n\n\n<div class=\"wp-block-image\">\n<figure class=\"aligncenter size-full is-resized\"><img loading=\"lazy\" decoding=\"async\" width=\"920\" height=\"920\" src=\"https:\/\/www.uce-cyl.org\/web\/wp-content\/uploads\/2025\/12\/image-1.png\" alt=\"\" class=\"wp-image-1429\" style=\"width:450px;height:auto\" srcset=\"https:\/\/www.uce-cyl.org\/web\/wp-content\/uploads\/2025\/12\/image-1.png 920w, https:\/\/www.uce-cyl.org\/web\/wp-content\/uploads\/2025\/12\/image-1-300x300.png 300w, https:\/\/www.uce-cyl.org\/web\/wp-content\/uploads\/2025\/12\/image-1-150x150.png 150w, https:\/\/www.uce-cyl.org\/web\/wp-content\/uploads\/2025\/12\/image-1-768x768.png 768w\" sizes=\"auto, (max-width: 920px) 100vw, 920px\" \/><\/figure>\n<\/div>","protected":false},"excerpt":{"rendered":"<p>En este encuentro abordaremos una cuesti\u00f3n de creciente relevancia para la tutela de los derechos de los consumidores en el \u00e1mbito del transporte terrestre:\u00a0la necesidad&hellip;<\/p>\n","protected":false},"author":4,"featured_media":1429,"comment_status":"closed","ping_status":"closed","sticky":false,"template":"","format":"standard","meta":{"footnotes":""},"categories":[149],"tags":[195,264,265,122,42],"class_list":["post-1428","post","type-post","status-publish","format-standard","has-post-thumbnail","hentry","category-ciclo-de-foros","tag-195","tag-arbitraje-transportes","tag-encuentro-formativo","tag-foro","tag-reclamaciones"],"_links":{"self":[{"href":"https:\/\/www.uce-cyl.org\/web\/wp-json\/wp\/v2\/posts\/1428","targetHints":{"allow":["GET"]}}],"collection":[{"href":"https:\/\/www.uce-cyl.org\/web\/wp-json\/wp\/v2\/posts"}],"about":[{"href":"https:\/\/www.uce-cyl.org\/web\/wp-json\/wp\/v2\/types\/post"}],"author":[{"embeddable":true,"href":"https:\/\/www.uce-cyl.org\/web\/wp-json\/wp\/v2\/users\/4"}],"replies":[{"embeddable":true,"href":"https:\/\/www.uce-cyl.org\/web\/wp-json\/wp\/v2\/comments?post=1428"}],"version-history":[{"count":1,"href":"https:\/\/www.uce-cyl.org\/web\/wp-json\/wp\/v2\/posts\/1428\/revisions"}],"predecessor-version":[{"id":1431,"href":"https:\/\/www.uce-cyl.org\/web\/wp-json\/wp\/v2\/posts\/1428\/revisions\/1431"}],"wp:featuredmedia":[{"embeddable":true,"href":"https:\/\/www.uce-cyl.org\/web\/wp-json\/wp\/v2\/media\/1429"}],"wp:attachment":[{"href":"https:\/\/www.uce-cyl.org\/web\/wp-json\/wp\/v2\/media?parent=1428"}],"wp:term":[{"taxonomy":"category","embeddable":true,"href":"https:\/\/www.uce-cyl.org\/web\/wp-json\/wp\/v2\/categories?post=1428"},{"taxonomy":"post_tag","embeddable":true,"href":"https:\/\/www.uce-cyl.org\/web\/wp-json\/wp\/v2\/tags?post=1428"}],"curies":[{"name":"wp","href":"https:\/\/api.w.org\/{rel}","templated":true}]}}