{"id":1261,"date":"2024-11-27T11:09:38","date_gmt":"2024-11-27T11:09:38","guid":{"rendered":"https:\/\/www.uce-cyl.org\/web\/?p=1261"},"modified":"2025-03-11T10:43:25","modified_gmt":"2025-03-11T10:43:25","slug":"90-aniversario-radio-valladolid-ser","status":"publish","type":"post","link":"https:\/\/www.uce-cyl.org\/web\/2024\/11\/27\/90-aniversario-radio-valladolid-ser\/","title":{"rendered":"90 ANIVERSARIO RADIO VALLADOLID SER"},"content":{"rendered":"\n<p>Cadena SER cumple 90 a\u00f1os en Valladolid, lo celebra el mi\u00e9rcoles 27 de noviembre con una gala por sus noventa a\u00f1os de historia en el Teatro Calder\u00f3n\u00a0de Valladolid, una noche muy especial para el periodismo vallisoletano recordando sus inicios desde 1934 y donde nuestro Presidente, Prudencio Prieto acompa\u00f1\u00f3 a Radio Valladolid.<\/p>\n\n\n<div class=\"wp-block-image\">\n<figure class=\"aligncenter size-full\"><img loading=\"lazy\" decoding=\"async\" width=\"511\" height=\"768\" src=\"https:\/\/www.uce-cyl.org\/web\/wp-content\/uploads\/2025\/01\/IMG-20241217-WA0005-1.jpg\" alt=\"\" class=\"wp-image-1264\" srcset=\"https:\/\/www.uce-cyl.org\/web\/wp-content\/uploads\/2025\/01\/IMG-20241217-WA0005-1.jpg 511w, https:\/\/www.uce-cyl.org\/web\/wp-content\/uploads\/2025\/01\/IMG-20241217-WA0005-1-200x300.jpg 200w\" sizes=\"auto, (max-width: 511px) 100vw, 511px\" \/><\/figure>\n<\/div>\n\n\n<p><\/p>\n\n\n\n<figure class=\"wp-block-image size-full\"><img loading=\"lazy\" decoding=\"async\" width=\"1024\" height=\"682\" src=\"https:\/\/www.uce-cyl.org\/web\/wp-content\/uploads\/2025\/01\/IMG-20241217-WA0004.jpg\" alt=\"\" class=\"wp-image-1263\" srcset=\"https:\/\/www.uce-cyl.org\/web\/wp-content\/uploads\/2025\/01\/IMG-20241217-WA0004.jpg 1024w, https:\/\/www.uce-cyl.org\/web\/wp-content\/uploads\/2025\/01\/IMG-20241217-WA0004-300x200.jpg 300w, https:\/\/www.uce-cyl.org\/web\/wp-content\/uploads\/2025\/01\/IMG-20241217-WA0004-768x512.jpg 768w\" sizes=\"auto, (max-width: 1024px) 100vw, 1024px\" \/><\/figure>\n\n\n\n<p><\/p>\n\n\n\n<p><\/p>\n","protected":false},"excerpt":{"rendered":"<p>Cadena SER cumple 90 a\u00f1os en Valladolid, lo celebra el mi\u00e9rcoles 27 de noviembre con una gala por sus noventa a\u00f1os de historia en el&hellip;<\/p>\n","protected":false},"author":4,"featured_media":1264,"comment_status":"closed","ping_status":"closed","sticky":false,"template":"","format":"standard","meta":{"footnotes":""},"categories":[18],"tags":[132,193,191,194,192],"class_list":["post-1261","post","type-post","status-publish","format-standard","has-post-thumbnail","hentry","category-noticias","tag-132","tag-90-anos","tag-cadena-ser","tag-cumple","tag-radio-valladolid"],"_links":{"self":[{"href":"https:\/\/www.uce-cyl.org\/web\/wp-json\/wp\/v2\/posts\/1261","targetHints":{"allow":["GET"]}}],"collection":[{"href":"https:\/\/www.uce-cyl.org\/web\/wp-json\/wp\/v2\/posts"}],"about":[{"href":"https:\/\/www.uce-cyl.org\/web\/wp-json\/wp\/v2\/types\/post"}],"author":[{"embeddable":true,"href":"https:\/\/www.uce-cyl.org\/web\/wp-json\/wp\/v2\/users\/4"}],"replies":[{"embeddable":true,"href":"https:\/\/www.uce-cyl.org\/web\/wp-json\/wp\/v2\/comments?post=1261"}],"version-history":[{"count":1,"href":"https:\/\/www.uce-cyl.org\/web\/wp-json\/wp\/v2\/posts\/1261\/revisions"}],"predecessor-version":[{"id":1265,"href":"https:\/\/www.uce-cyl.org\/web\/wp-json\/wp\/v2\/posts\/1261\/revisions\/1265"}],"wp:featuredmedia":[{"embeddable":true,"href":"https:\/\/www.uce-cyl.org\/web\/wp-json\/wp\/v2\/media\/1264"}],"wp:attachment":[{"href":"https:\/\/www.uce-cyl.org\/web\/wp-json\/wp\/v2\/media?parent=1261"}],"wp:term":[{"taxonomy":"category","embeddable":true,"href":"https:\/\/www.uce-cyl.org\/web\/wp-json\/wp\/v2\/categories?post=1261"},{"taxonomy":"post_tag","embeddable":true,"href":"https:\/\/www.uce-cyl.org\/web\/wp-json\/wp\/v2\/tags?post=1261"}],"curies":[{"name":"wp","href":"https:\/\/api.w.org\/{rel}","templated":true}]}}